{"id":7706,"date":"2022-11-24T12:10:44","date_gmt":"2022-11-24T12:10:44","guid":{"rendered":"https:\/\/alfayazilim.com.tr\/tetesfed\/?p=7706"},"modified":"2022-11-24T12:14:24","modified_gmt":"2022-11-24T12:14:24","slug":"09-aralik-2019-tarihinde-oda-yoneticilerimizle-chp-genel-baskanini-ziyaret-ettik","status":"publish","type":"post","link":"https:\/\/www.tetesfed.org\/index.php\/2022\/11\/24\/09-aralik-2019-tarihinde-oda-yoneticilerimizle-chp-genel-baskanini-ziyaret-ettik\/","title":{"rendered":"09 Aral\u0131k 2019 tarihinde Oda y\u00f6neticilerimizle CHP Genel Ba\u015fkan\u0131n\u0131 ziyaret ettik."},"content":{"rendered":"<p>Esnaf ve Sanatkarlar\u0131m\u0131z\u0131n sorunlar\u0131n\u0131 payla\u015ft\u0131k. Sorunlar\u0131n \u00e7\u00f6z\u00fcm\u00fc konusunda yard\u0131mc\u0131 olmalar\u0131 talebinde bulunduk. \u00c7ok g\u00fczel ve verimli \u00a0bir toplant\u0131 ger\u00e7ekle\u015ftirdik.<\/p>\n","protected":false},"excerpt":{"rendered":"<p>Esnaf ve Sanatkarlar\u0131m\u0131z\u0131n sorunlar\u0131n\u0131 payla\u015ft\u0131k. Sorunlar\u0131n \u00e7\u00f6z\u00fcm\u00fc konusunda yard\u0131mc\u0131 olmalar\u0131 talebinde bulunduk. \u00c7ok g\u00fczel ve verimli \u00a0bir toplant\u0131 ger\u00e7ekle\u015ftirdik.<\/p>\n","protected":false},"author":1,"featured_media":7707,"comment_status":"closed","ping_status":"open","sticky":false,"template":"","format":"standard","meta":{"footnotes":""},"categories":[1],"tags":[],"class_list":["post-7706","post","type-post","status-publish","format-standard","has-post-thumbnail","hentry","category-haberler"],"_links":{"self":[{"href":"https:\/\/www.tetesfed.org\/index.php\/wp-json\/wp\/v2\/posts\/7706","targetHints":{"allow":["GET"]}}],"collection":[{"href":"https:\/\/www.tetesfed.org\/index.php\/wp-json\/wp\/v2\/posts"}],"about":[{"href":"https:\/\/www.tetesfed.org\/index.php\/wp-json\/wp\/v2\/types\/post"}],"author":[{"embeddable":true,"href":"https:\/\/www.tetesfed.org\/index.php\/wp-json\/wp\/v2\/users\/1"}],"replies":[{"embeddable":true,"href":"https:\/\/www.tetesfed.org\/index.php\/wp-json\/wp\/v2\/comments?post=7706"}],"version-history":[{"count":1,"href":"https:\/\/www.tetesfed.org\/index.php\/wp-json\/wp\/v2\/posts\/7706\/revisions"}],"predecessor-version":[{"id":7708,"href":"https:\/\/www.tetesfed.org\/index.php\/wp-json\/wp\/v2\/posts\/7706\/revisions\/7708"}],"wp:featuredmedia":[{"embeddable":true,"href":"https:\/\/www.tetesfed.org\/index.php\/wp-json\/wp\/v2\/media\/7707"}],"wp:attachment":[{"href":"https:\/\/www.tetesfed.org\/index.php\/wp-json\/wp\/v2\/media?parent=7706"}],"wp:term":[{"taxonomy":"category","embeddable":true,"href":"https:\/\/www.tetesfed.org\/index.php\/wp-json\/wp\/v2\/categories?post=7706"},{"taxonomy":"post_tag","embeddable":true,"href":"https:\/\/www.tetesfed.org\/index.php\/wp-json\/wp\/v2\/tags?post=7706"}],"curies":[{"name":"wp","href":"https:\/\/api.w.org\/{rel}","templated":true}]}}